[{"@context":"https:\/\/schema.org\/","@type":"Article","@id":"https:\/\/www.playduo.cz\/pouceni-ve-vychove-deti\/#Article","mainEntityOfPage":"https:\/\/www.playduo.cz\/pouceni-ve-vychove-deti\/","headline":"Pou\u010den\u00ed ve v\u00fdchov\u011b d\u011bt\u00ed","name":"Pou\u010den\u00ed ve v\u00fdchov\u011b d\u011bt\u00ed","description":"M\u00e1te d\u011bti? J\u00e1 je\u0161t\u011b zat\u00edm ne, ale cht\u011bla bych. I kdy\u017e v\u00edm, jak\u00e1 je to starost a tak\u00e9 finan\u010dn\u011b n\u00e1ro\u010dn\u00e9. V\u00edm, \u017ee kdy\u017e \u010dlov\u011bk chce d\u00edt\u011b mus\u00ed pochopit pot\u0159eby d\u00edt\u011bte. Mus\u00ed um\u011bt d\u00edt\u011bti naslouchat a hlavn\u011b porozum\u011bt, kdy\u017e ho n\u011bco bude tr\u00e1pit. Je mi dvacet jedna let a p\u0159\u00e1la bych si hol\u010di\u010dku nebo kluka. U\u017e m\u00e1m dokonce jm\u00e9na. Kdyby to [&hellip;]","datePublished":"2021-12-22","dateModified":"2023-05-02","author":{"@type":"Person","@id":"https:\/\/www.playduo.cz\/author\/#Person","name":"","url":"https:\/\/www.playduo.cz\/author\/","identifier":1,"image":{"@type":"ImageObject","@id":"https:\/\/secure.gravatar.com\/avatar\/16435f0a6c9262449b9ebb39f63178cd65c54b09f931b6f84682f48086e3d763?s=96&d=mm&r=g","url":"https:\/\/secure.gravatar.com\/avatar\/16435f0a6c9262449b9ebb39f63178cd65c54b09f931b6f84682f48086e3d763?s=96&d=mm&r=g","height":96,"width":96}},"publisher":{"@type":"Organization","name":"playduo.cz","logo":{"@type":"ImageObject","@id":"\/logo.png","url":"\/logo.png","width":600,"height":60}},"image":{"@type":"ImageObject","@id":"https:\/\/www.playduo.cz\/wp-content\/uploads\/d%C4%9Bti_9.jpg","url":"https:\/\/www.playduo.cz\/wp-content\/uploads\/d%C4%9Bti_9.jpg","height":0,"width":0},"url":"https:\/\/www.playduo.cz\/pouceni-ve-vychove-deti\/","about":["D\u011bti"],"wordCount":475,"articleBody":"M\u00e1te d\u011bti? J\u00e1 je\u0161t\u011b zat\u00edm ne, ale cht\u011bla bych. I kdy\u017e v\u00edm, jak\u00e1 je to starost a tak\u00e9 finan\u010dn\u011b n\u00e1ro\u010dn\u00e9. V\u00edm, \u017ee kdy\u017e \u010dlov\u011bk chce d\u00edt\u011b mus\u00ed pochopit pot\u0159eby d\u00edt\u011bte. Mus\u00ed um\u011bt d\u00edt\u011bti naslouchat a hlavn\u011b porozum\u011bt, kdy\u017e ho n\u011bco bude tr\u00e1pit. Je mi dvacet jedna let a p\u0159\u00e1la bych si hol\u010di\u010dku nebo kluka. U\u017e m\u00e1m dokonce jm\u00e9na. Kdyby to byla hol\u010di\u010dka, tak by to byla Nat\u00e1lka a kdy\u017e kluk, tak by to byl Mikul\u00e1\u0161ek. Jednou jsme si s\u00a0partnerem sedli vzali si kalend\u00e1\u0159e a vyb\u00edrali jm\u00e9na, kter\u00e9 bychom dali sv\u00fdm d\u011btem a jak\u00e9 to byli? Dokonce to m\u00e1m st\u00e1le ulo\u017een\u00e9, a to jsme to sepisovali p\u0159ed p\u016fl rokem. Jm\u00e9na byli takov\u00e9 \u2013 Anna, Dominika, Ela, Eli\u0161ka, Jakub, Kl\u00e1ra, Kristi\u00e1n, Leont\u00fdna, Magda, Mikul\u00e1\u0161, Michal, Nat\u00e1lie, Nina, Patricie, Tade\u00e1\u0161, Tobi\u00e1\u0161, Maty\u00e1\u0161 a kter\u00e9 jm\u00e9na se l\u00edb\u00ed v\u00e1m? Napi\u0161te si na pap\u00edr, kter\u00e9 byste cht\u011bli a zkuste to napsat spolu, aspo\u0148 uvid\u00edte jm\u00e9na, kter\u00e9 m\u00e1te spolu spole\u010dn\u00e9. V\u00edte, kdy\u017e jsem m\u011bla zlomen\u00e9 srdce kv\u016fli l\u00e1sce. Tak se mi zd\u00e1l jeden sen, na kter\u00fd nikdy nezapomenu. A jak\u00fd? Sen byl, \u017ee jsem tam vid\u011bla sv\u00e9ho milovan\u00e9ho, jak jsme na louce a na trampol\u00edn\u011b sk\u00e1kali d\u011bti. P\u00ed\u0161u d\u011bti, proto\u017ee byli dv\u011b. Hol\u010di\u010dka jm\u00e9nem Nat\u00e1lka, m\u011bla kr\u00e1sn\u00e9 hn\u011bd\u00e9 vlasy po mamince a hn\u011bd\u00e9 o\u010di po tat\u00ednkovi. A pak byl chlape\u010dek jm\u00e9nem Mikul\u00e1\u0161ek, m\u011bl kr\u00e1sn\u00e9 kudrnat\u00e9 hn\u011bd\u00e9 vlasy po mamince i tat\u00ednkovi a zelen\u00e9 o\u010di jenom po mamince. Kdy\u017e jsem se probudila, tak jsem pochopila, \u017ee a\u017e jednou budu m\u00edt d\u011bti, tak chci, aby se m\u011bli kr\u00e1sn\u011b a m\u011bli n\u00e1dhern\u00fd \u017eivot spousty vzpom\u00ednek. Taky jsem kdysi byla mal\u00e1 hol\u010di\u010dka. S\u00a0hn\u011bd\u00fdmi vlasy, m\u00edrn\u011b vlnit\u00fdmi a zelen\u00fdmi o\u010di. A ta hol\u010di\u010dka cel\u00fd \u017eivot v\u00a0sob\u011b nosila bolest. Tr\u00e1pila se, \u017ee nem\u011bla miluj\u00edc\u00ed rodi\u010de. Proto jsem si uv\u011bdomila, \u017ee kdy\u017e jsem to nem\u011bla j\u00e1, tak to mus\u00ed m\u00edt moje d\u011bti. Ka\u017ed\u00fd z\u00a0n\u00e1s, co m\u00e1 d\u011bti se sna\u017e\u00ed b\u00fdt nejlep\u0161\u00edm rodi\u010dem na sv\u011bt\u011b, ale \u010dlov\u011bk neboli rodi\u010d si mus\u00ed uv\u011bdomit v\u00a0jak\u00e9 m\u00ed\u0159e se chov\u00e1. M\u00fd rodi\u010de si mysleli, \u017ee jsou ty nejlep\u0161\u00ed, ale neuv\u011bdomili si, \u017ee se sna\u017eili a\u017e tak moc, \u017ee m\u011b to bolelo.                                                                                                                                                                                                                                                                                                                                                                                         3.5\/5 - (8 votes)        "},{"@context":"https:\/\/schema.org\/","@type":"BreadcrumbList","itemListElement":[{"@type":"ListItem","position":1,"name":"Pou\u010den\u00ed ve v\u00fdchov\u011b d\u011bt\u00ed","item":"https:\/\/www.playduo.cz\/pouceni-ve-vychove-deti\/#breadcrumbitem"}]}]