[{"@context":"https:\/\/schema.org\/","@type":"Article","@id":"https:\/\/www.playduo.cz\/prvni-kolo-na-kterem-se-dite-bude-odrazet\/#Article","mainEntityOfPage":"https:\/\/www.playduo.cz\/prvni-kolo-na-kterem-se-dite-bude-odrazet\/","headline":"Prvn\u00ed kolo, na kter\u00e9m se d\u00edt\u011b bude odr\u00e1\u017eet","name":"Prvn\u00ed kolo, na kter\u00e9m se d\u00edt\u011b bude odr\u00e1\u017eet","description":"Radost z pohybu se v d\u011btech jednodu\u0161e nezap\u0159e. Ka\u017ed\u00e9 mal\u00e9 d\u00edt\u011b v\u0161ak po jist\u00e9 dob\u011b tou\u017e\u00ed i po tom, vyzkou\u0161et si voz\u00edtko v podob\u011b prvn\u00edho kola. Jedn\u00edm takov\u00fdm za\u010d\u00e1te\u010dn\u00edm je pr\u00e1v\u011b d\u011btsk\u00e9 odr\u00e1\u017eedlo pro nejmen\u0161\u00ed https:\/\/www.chytraliska.cz\/kategorie\/detske-hracky-na-ven-a-zahradu\/detska-drevena-odrazedla\/, kter\u00e9 se pokl\u00e1d\u00e1 za tu nejlep\u0161\u00ed volbu pro v\u0161echny mal\u00e9 d\u011bti, kter\u00e9 s vozidlem na dvou kolech pouze za\u010d\u00ednaj\u00ed. JE\u0160T\u011a P\u0158EDT\u00cdM, NE\u017d BUDE POU\u017d\u00cdVAT [&hellip;]","datePublished":"2019-06-27","dateModified":"2023-05-02","author":{"@type":"Person","@id":"https:\/\/www.playduo.cz\/author\/#Person","name":"","url":"https:\/\/www.playduo.cz\/author\/","identifier":1,"image":{"@type":"ImageObject","@id":"https:\/\/secure.gravatar.com\/avatar\/16435f0a6c9262449b9ebb39f63178cd65c54b09f931b6f84682f48086e3d763?s=96&d=mm&r=g","url":"https:\/\/secure.gravatar.com\/avatar\/16435f0a6c9262449b9ebb39f63178cd65c54b09f931b6f84682f48086e3d763?s=96&d=mm&r=g","height":96,"width":96}},"publisher":{"@type":"Organization","name":"playduo.cz","logo":{"@type":"ImageObject","@id":"\/logo.png","url":"\/logo.png","width":600,"height":60}},"image":{"@type":"ImageObject","@id":"https:\/\/www.playduo.cz\/wp-content\/uploads\/img_a357952_w1932_t1572279965.jpg","url":"https:\/\/www.playduo.cz\/wp-content\/uploads\/img_a357952_w1932_t1572279965.jpg","height":0,"width":0},"url":"https:\/\/www.playduo.cz\/prvni-kolo-na-kterem-se-dite-bude-odrazet\/","about":["Z\u00e1bava"],"wordCount":444,"articleBody":"        Radost z pohybu se v d\u011btech jednodu\u0161e nezap\u0159e. Ka\u017ed\u00e9 mal\u00e9 d\u00edt\u011b v\u0161ak po jist\u00e9 dob\u011b tou\u017e\u00ed i po tom, vyzkou\u0161et si voz\u00edtko v podob\u011b prvn\u00edho kola. Jedn\u00edm takov\u00fdm za\u010d\u00e1te\u010dn\u00edm je pr\u00e1v\u011b d\u011btsk\u00e9 odr\u00e1\u017eedlo pro nejmen\u0161\u00ed https:\/\/www.chytraliska.cz\/kategorie\/detske-hracky-na-ven-a-zahradu\/detska-drevena-odrazedla\/, kter\u00e9 se pokl\u00e1d\u00e1 za tu nejlep\u0161\u00ed volbu pro v\u0161echny mal\u00e9 d\u011bti, kter\u00e9 s vozidlem na dvou kolech pouze za\u010d\u00ednaj\u00ed.  JE\u0160T\u011a P\u0158EDT\u00cdM, NE\u017d BUDE POU\u017d\u00cdVAT PED\u00c1LY Nen\u00ed nutn\u00e9 hned d\u00edt\u011b seznamovat s ped\u00e1ly a jejich pou\u017eit\u00edm.Na v\u0161echno m\u00e1 dostatek \u010dasu a pr\u00e1v\u011b z toho d\u016fvodu je lep\u0161\u00ed za\u010d\u00ednat na \u0161ikovn\u00e9m odr\u00e1\u017eedle. I d\u00edky tomu, \u017ee je d\u0159ev\u011bn\u00e9, se m\u016f\u017eete spolehnout na to, \u017ee p\u0159inese va\u0161emu d\u00edt\u011bti dostate\u010dn\u011b velkou stabilitu a jistotu, \u017ee je kvalitn\u00ed. Je mo\u017en\u00e9 si na n\u011bm nastavit v\u00fd\u0161ku sedadla, aby bylo d\u00edt\u011bti maxim\u00e1ln\u011b pohodln\u00e9 i p\u0159i jeho odr\u00e1\u017een\u00ed a j\u00edzd\u011b. Pokud se toti\u017e nau\u010d\u00ed \u0161ikovn\u011b se odr\u00e1\u017eet, z\u00edsk\u00e1 mnohem v\u011bt\u0161\u00ed jistotu s kolem, kter\u00e9 bude ovl\u00e1dat u\u017e bez probl\u00e9m\u016f a strachu z toho, jestli na n\u011bm nespadne.  DESIGNOV\u00c1 STR\u00c1NKA HRAJE VELKOU ROLI Aby si i va\u0161e d\u00edt\u011b jeho prvn\u00ed odr\u00e1\u017eedlo zamilovalo, je nutn\u00e9 mu nab\u00eddnout takov\u00e9, kter\u00e9mu neodol\u00e1.D\u0159ev\u011bn\u00e1 varianta bude p\u016fsobit v\u017edy pevn\u011b, p\u0159\u00edrodn\u011b a luxusn\u011b. Zvolit si v\u0161ak m\u016f\u017eete i barvu, kter\u00e1 se va\u0161emu d\u00edt\u011bti nejv\u00edce l\u00edb\u00ed. V sortimentu nalezete zelenu, modrou, ale i r\u016f\u017eovou, tak\u017ee si jist\u011b vyberete dle vkusu va\u0161eho mal\u00e9ho raub\u00ed\u0159e. Abyste m\u011bli samotn\u00fd design je\u0161t\u011b v\u00edce vylep\u0161en\u00fd, m\u016f\u017eete si zakoupit i praktick\u00fd batoh, kter\u00fd je mal\u00fdch rozm\u011br\u016f a p\u0159ipev\u0148uje se na \u0159\u00edd\u00edtka.Nijak v\u0161ak nezat\u011b\u017euje d\u00edt\u011b p\u0159i \u0159\u00edzen\u00ed a ot\u00e1\u010den\u00ed \u0159\u00edd\u00edtek a nebr\u00e1n\u00ed mu ve v\u00fdhledu. Je mo\u017en\u00e9 si do n\u011bho vlo\u017eit pouze mali\u010dkosti, jak\u00fdmi jsou drobn\u00e1 sva\u010dina nebo n\u011bjak\u00e1 hra\u010dka. Seznamte va\u0161e d\u00edt\u011b s tak fantastick\u00fdm voz\u00edtkem, jak\u00fdm je d\u0159ev\u011bn\u00e9 odr\u00e1\u017eedlo i vy a nepochybujte o tom, \u017ee si ho obl\u00edb\u00ed nejen d\u00edky tomu, jak vypad\u00e1, ale i proto, \u017ee si na n\u011bm odr\u00e1\u017een\u00ed u\u017eije od r\u00e1na do ve\u010dera, a to t\u0159eba ka\u017ed\u00fd den.                                                                                                                                                                                                                                                                                                                                                                                          3.9\/5 - (7 votes)        "},{"@context":"https:\/\/schema.org\/","@type":"BreadcrumbList","itemListElement":[{"@type":"ListItem","position":1,"name":"Prvn\u00ed kolo, na kter\u00e9m se d\u00edt\u011b bude odr\u00e1\u017eet","item":"https:\/\/www.playduo.cz\/prvni-kolo-na-kterem-se-dite-bude-odrazet\/#breadcrumbitem"}]}]